{"id":2176,"date":"2026-03-12T11:42:24","date_gmt":"2026-03-12T10:42:24","guid":{"rendered":"https:\/\/frigologistics.pl\/?p=2176"},"modified":"2026-03-12T11:42:26","modified_gmt":"2026-03-12T10:42:26","slug":"otwarcie-rozbudowanego-centrum-dystrybucyjnego-w-radomsku","status":"publish","type":"post","link":"https:\/\/frigologistics.pl\/index.php\/2026\/03\/12\/otwarcie-rozbudowanego-centrum-dystrybucyjnego-w-radomsku\/","title":{"rendered":"Otwarcie rozbudowanego centrum dystrybucyjnego w Radomsku"},"content":{"rendered":"\n<p><strong>Oficjalnie zako\u0144czyli\u015bmy rozbudow\u0119 centrum dystrybucyjnego w Radomsku. Dzi\u0119ki inwestycji sta\u0142o si\u0119 ono naszym najwi\u0119kszym obiektem Polsce, zar\u00f3wno pod wzgl\u0119dem powierzchni, jak i mo\u017cliwo\u015bci operacyjnych.<\/strong><\/p>\n\n\n\n<p>Rozbudowa rozpocz\u0119\u0142a si\u0119 w 2025 roku i obejmowa\u0142a kompleksow\u0105 modernizacj\u0119 ca\u0142ego centrum, w tym hal magazynowych ze strefami prze\u0142adunkowymi, maszynowni, budynk\u00f3w biurowych i technicznych oraz infrastruktury towarzysz\u0105cej.<\/p>\n\n\n\n<p>\u2013 <em>Rozbudowa centrum dystrybucyjnego w Radomsku ma dla nas strategiczne znaczenie i by\u0142a du\u017cym przedsi\u0119wzi\u0119ciem. Przez ca\u0142y czas prowadzenia prac obs\u0142ugiwali\u015bmy r\u00f3wnocze\u015bnie zam\u00f3wienia klient\u00f3w, dlatego wa\u017cny by\u0142 etap planowania prac i odpowiednie u\u0142o\u017cenie harmonogramu dzia\u0142a\u0144.<\/em> \u2013 podkre\u015bla Marcin Cicho\u0144ski, dyrektor techniczny Frigo Logistics.<\/p>\n\n\n\n<p>Po zako\u0144czeniu inwestycji powierzchnia centrum dystrybucyjnego zwi\u0119kszy\u0142a si\u0119 o 4 800 m\u00b2, osi\u0105gaj\u0105c \u0142\u0105cznie ponad 17 000 m\u00b2, a liczba miejsc paletowych wzros\u0142a o 16 000, do pojemno\u015bci odpowiadaj\u0105cej ponad 40 000 miejsc. Nowoczesne, mobilne rega\u0142y wysokiego sk\u0142adowania umo\u017cliwiaj\u0105 teraz magazynowanie towar\u00f3w na 7 poziomach, co znacz\u0105co zwi\u0119ksza efektywno\u015b\u0107 operacyjn\u0105 i skraca czas kompletacji zam\u00f3wie\u0144.<\/p>\n\n\n\n<p>Rozbudowa w Radomsku obejmowa\u0142a wdro\u017cenie nowoczesnych rozwi\u0105za\u0144 technologicznych. Na dachu hali zamontowano instalacj\u0119 fotowoltaiczn\u0105, a odzysk energii cieplnej z system\u00f3w ch\u0142odzenia jest wykorzystywany do ogrzewania biurowca. Modernizacja obejmowa\u0142a monta\u017c nowych spr\u0119\u017carek, inteligentny system sterowania wydajno\u015bci\u0105 ch\u0142odzenia oraz zastosowanie najwy\u017cszej klasy izolacji QuadCore firmy Kingspan. Kompleks zabezpiecza tak\u017ce nowy zbiornik po\u017carowy o pojemno\u015bci 800 m\u00b3.<\/p>\n\n\n\n<p>Uroczysto\u015b\u0107 zgromadzi\u0142a wyj\u0105tkowych go\u015bci, w tym w\u0142odarzy miasta i powiatu radomszcza\u0144skiego.<\/p>\n\n\n\n<p>W wydarzeniu uczestniczyli nasi pracownicy, kt\u00f3rych trud i zaanga\u017cowanie doceni\u0142 prezes zarz\u0105du Kris Verbruggen oraz dyrektor zarz\u0105dzaj\u0105cy ds. magazynowania Jaros\u0142aw Ko\u0142odziejski, kt\u00f3ry wyrazi\u0142 g\u0142\u0119bokie uznanie i podzi\u0119kowanie dla ich oddania i profesjonalizmu od pierwszego dnia dzia\u0142alno\u015bci Frigo w Radomsku.<\/p>\n\n\n\n<div class=\"wp-block-columns is-layout-flex wp-container-core-columns-is-layout-9d6595d7 wp-block-columns-is-layout-flex\">\n<div class=\"wp-block-column is-layout-flow wp-block-column-is-layout-flow\">\n<figure class=\"wp-block-image size-full\"><img loading=\"lazy\" decoding=\"async\" width=\"2560\" height=\"1440\" src=\"https:\/\/frigologistics.pl\/wp-content\/uploads\/2026\/03\/2026-02-26-Frigo-Logistics-0061-scaled.jpg\" alt=\"\" class=\"wp-image-2183\" style=\"object-fit:cover\" srcset=\"https:\/\/frigologistics.pl\/wp-content\/uploads\/2026\/03\/2026-02-26-Frigo-Logistics-0061-scaled.jpg 2560w, https:\/\/frigologistics.pl\/wp-content\/uploads\/2026\/03\/2026-02-26-Frigo-Logistics-0061-300x169.jpg 300w, https:\/\/frigologistics.pl\/wp-content\/uploads\/2026\/03\/2026-02-26-Frigo-Logistics-0061-1024x576.jpg 1024w, https:\/\/frigologistics.pl\/wp-content\/uploads\/2026\/03\/2026-02-26-Frigo-Logistics-0061-768x432.jpg 768w, https:\/\/frigologistics.pl\/wp-content\/uploads\/2026\/03\/2026-02-26-Frigo-Logistics-0061-1536x864.jpg 1536w, https:\/\/frigologistics.pl\/wp-content\/uploads\/2026\/03\/2026-02-26-Frigo-Logistics-0061-2048x1152.jpg 2048w, https:\/\/frigologistics.pl\/wp-content\/uploads\/2026\/03\/2026-02-26-Frigo-Logistics-0061-747x420.jpg 747w, https:\/\/frigologistics.pl\/wp-content\/uploads\/2026\/03\/2026-02-26-Frigo-Logistics-0061-1493x840.jpg 1493w, https:\/\/frigologistics.pl\/wp-content\/uploads\/2026\/03\/2026-02-26-Frigo-Logistics-0061-150x84.jpg 150w, https:\/\/frigologistics.pl\/wp-content\/uploads\/2026\/03\/2026-02-26-Frigo-Logistics-0061-696x392.jpg 696w, https:\/\/frigologistics.pl\/wp-content\/uploads\/2026\/03\/2026-02-26-Frigo-Logistics-0061-1068x601.jpg 1068w, https:\/\/frigologistics.pl\/wp-content\/uploads\/2026\/03\/2026-02-26-Frigo-Logistics-0061-1920x1080.jpg 1920w\" sizes=\"auto, (max-width: 2560px) 100vw, 2560px\" \/><\/figure>\n\n\n\n<figure class=\"wp-block-image size-full\"><img loading=\"lazy\" decoding=\"async\" width=\"1365\" height=\"2048\" src=\"https:\/\/frigologistics.pl\/wp-content\/uploads\/2026\/03\/2026-03-11-otwarcie-nowej-hali-w-Frigo-Logistics-0001.jpg\" alt=\"\" class=\"wp-image-2181\" style=\"object-fit:cover\" srcset=\"https:\/\/frigologistics.pl\/wp-content\/uploads\/2026\/03\/2026-03-11-otwarcie-nowej-hali-w-Frigo-Logistics-0001.jpg 1365w, https:\/\/frigologistics.pl\/wp-content\/uploads\/2026\/03\/2026-03-11-otwarcie-nowej-hali-w-Frigo-Logistics-0001-200x300.jpg 200w, https:\/\/frigologistics.pl\/wp-content\/uploads\/2026\/03\/2026-03-11-otwarcie-nowej-hali-w-Frigo-Logistics-0001-683x1024.jpg 683w, https:\/\/frigologistics.pl\/wp-content\/uploads\/2026\/03\/2026-03-11-otwarcie-nowej-hali-w-Frigo-Logistics-0001-768x1152.jpg 768w, https:\/\/frigologistics.pl\/wp-content\/uploads\/2026\/03\/2026-03-11-otwarcie-nowej-hali-w-Frigo-Logistics-0001-1024x1536.jpg 1024w, https:\/\/frigologistics.pl\/wp-content\/uploads\/2026\/03\/2026-03-11-otwarcie-nowej-hali-w-Frigo-Logistics-0001-280x420.jpg 280w, https:\/\/frigologistics.pl\/wp-content\/uploads\/2026\/03\/2026-03-11-otwarcie-nowej-hali-w-Frigo-Logistics-0001-560x840.jpg 560w, https:\/\/frigologistics.pl\/wp-content\/uploads\/2026\/03\/2026-03-11-otwarcie-nowej-hali-w-Frigo-Logistics-0001-150x225.jpg 150w, https:\/\/frigologistics.pl\/wp-content\/uploads\/2026\/03\/2026-03-11-otwarcie-nowej-hali-w-Frigo-Logistics-0001-300x450.jpg 300w, https:\/\/frigologistics.pl\/wp-content\/uploads\/2026\/03\/2026-03-11-otwarcie-nowej-hali-w-Frigo-Logistics-0001-696x1044.jpg 696w, https:\/\/frigologistics.pl\/wp-content\/uploads\/2026\/03\/2026-03-11-otwarcie-nowej-hali-w-Frigo-Logistics-0001-1068x1602.jpg 1068w\" sizes=\"auto, (max-width: 1365px) 100vw, 1365px\" \/><\/figure>\n\n\n\n<figure class=\"wp-block-image size-full\"><img loading=\"lazy\" decoding=\"async\" width=\"1366\" height=\"2048\" src=\"https:\/\/frigologistics.pl\/wp-content\/uploads\/2026\/03\/2026-03-11-otwarcie-nowej-hali-w-Frigo-Logistics-0003-Kris-Verbruggen.jpg\" alt=\"\" class=\"wp-image-2180\" style=\"object-fit:cover\" srcset=\"https:\/\/frigologistics.pl\/wp-content\/uploads\/2026\/03\/2026-03-11-otwarcie-nowej-hali-w-Frigo-Logistics-0003-Kris-Verbruggen.jpg 1366w, https:\/\/frigologistics.pl\/wp-content\/uploads\/2026\/03\/2026-03-11-otwarcie-nowej-hali-w-Frigo-Logistics-0003-Kris-Verbruggen-200x300.jpg 200w, https:\/\/frigologistics.pl\/wp-content\/uploads\/2026\/03\/2026-03-11-otwarcie-nowej-hali-w-Frigo-Logistics-0003-Kris-Verbruggen-683x1024.jpg 683w, https:\/\/frigologistics.pl\/wp-content\/uploads\/2026\/03\/2026-03-11-otwarcie-nowej-hali-w-Frigo-Logistics-0003-Kris-Verbruggen-768x1151.jpg 768w, https:\/\/frigologistics.pl\/wp-content\/uploads\/2026\/03\/2026-03-11-otwarcie-nowej-hali-w-Frigo-Logistics-0003-Kris-Verbruggen-1025x1536.jpg 1025w, https:\/\/frigologistics.pl\/wp-content\/uploads\/2026\/03\/2026-03-11-otwarcie-nowej-hali-w-Frigo-Logistics-0003-Kris-Verbruggen-280x420.jpg 280w, https:\/\/frigologistics.pl\/wp-content\/uploads\/2026\/03\/2026-03-11-otwarcie-nowej-hali-w-Frigo-Logistics-0003-Kris-Verbruggen-560x840.jpg 560w, https:\/\/frigologistics.pl\/wp-content\/uploads\/2026\/03\/2026-03-11-otwarcie-nowej-hali-w-Frigo-Logistics-0003-Kris-Verbruggen-150x225.jpg 150w, https:\/\/frigologistics.pl\/wp-content\/uploads\/2026\/03\/2026-03-11-otwarcie-nowej-hali-w-Frigo-Logistics-0003-Kris-Verbruggen-300x450.jpg 300w, https:\/\/frigologistics.pl\/wp-content\/uploads\/2026\/03\/2026-03-11-otwarcie-nowej-hali-w-Frigo-Logistics-0003-Kris-Verbruggen-696x1043.jpg 696w, https:\/\/frigologistics.pl\/wp-content\/uploads\/2026\/03\/2026-03-11-otwarcie-nowej-hali-w-Frigo-Logistics-0003-Kris-Verbruggen-1068x1601.jpg 1068w\" sizes=\"auto, (max-width: 1366px) 100vw, 1366px\" \/><\/figure>\n\n\n\n<figure class=\"wp-block-image size-full\"><img loading=\"lazy\" decoding=\"async\" width=\"1707\" height=\"2560\" src=\"https:\/\/frigologistics.pl\/wp-content\/uploads\/2026\/03\/2026-03-11-otwarcie-nowej-hali-w-Frigo-Logistics-0007-dyrektor_1-1-scaled.jpg\" alt=\"\" class=\"wp-image-2182\" style=\"object-fit:cover\" srcset=\"https:\/\/frigologistics.pl\/wp-content\/uploads\/2026\/03\/2026-03-11-otwarcie-nowej-hali-w-Frigo-Logistics-0007-dyrektor_1-1-scaled.jpg 1707w, https:\/\/frigologistics.pl\/wp-content\/uploads\/2026\/03\/2026-03-11-otwarcie-nowej-hali-w-Frigo-Logistics-0007-dyrektor_1-1-200x300.jpg 200w, https:\/\/frigologistics.pl\/wp-content\/uploads\/2026\/03\/2026-03-11-otwarcie-nowej-hali-w-Frigo-Logistics-0007-dyrektor_1-1-683x1024.jpg 683w, https:\/\/frigologistics.pl\/wp-content\/uploads\/2026\/03\/2026-03-11-otwarcie-nowej-hali-w-Frigo-Logistics-0007-dyrektor_1-1-768x1152.jpg 768w, https:\/\/frigologistics.pl\/wp-content\/uploads\/2026\/03\/2026-03-11-otwarcie-nowej-hali-w-Frigo-Logistics-0007-dyrektor_1-1-1024x1536.jpg 1024w, https:\/\/frigologistics.pl\/wp-content\/uploads\/2026\/03\/2026-03-11-otwarcie-nowej-hali-w-Frigo-Logistics-0007-dyrektor_1-1-1365x2048.jpg 1365w, https:\/\/frigologistics.pl\/wp-content\/uploads\/2026\/03\/2026-03-11-otwarcie-nowej-hali-w-Frigo-Logistics-0007-dyrektor_1-1-280x420.jpg 280w, https:\/\/frigologistics.pl\/wp-content\/uploads\/2026\/03\/2026-03-11-otwarcie-nowej-hali-w-Frigo-Logistics-0007-dyrektor_1-1-560x840.jpg 560w, https:\/\/frigologistics.pl\/wp-content\/uploads\/2026\/03\/2026-03-11-otwarcie-nowej-hali-w-Frigo-Logistics-0007-dyrektor_1-1-150x225.jpg 150w, https:\/\/frigologistics.pl\/wp-content\/uploads\/2026\/03\/2026-03-11-otwarcie-nowej-hali-w-Frigo-Logistics-0007-dyrektor_1-1-300x450.jpg 300w, https:\/\/frigologistics.pl\/wp-content\/uploads\/2026\/03\/2026-03-11-otwarcie-nowej-hali-w-Frigo-Logistics-0007-dyrektor_1-1-696x1044.jpg 696w, https:\/\/frigologistics.pl\/wp-content\/uploads\/2026\/03\/2026-03-11-otwarcie-nowej-hali-w-Frigo-Logistics-0007-dyrektor_1-1-1068x1602.jpg 1068w, https:\/\/frigologistics.pl\/wp-content\/uploads\/2026\/03\/2026-03-11-otwarcie-nowej-hali-w-Frigo-Logistics-0007-dyrektor_1-1-1920x2880.jpg 1920w\" sizes=\"auto, (max-width: 1707px) 100vw, 1707px\" \/><\/figure>\n<\/div>\n\n\n\n<div class=\"wp-block-column is-layout-flow wp-block-column-is-layout-flow\"><\/div>\n<\/div>\n","protected":false},"excerpt":{"rendered":"<p>Oficjalnie zako\u0144czyli\u015bmy rozbudow\u0119 centrum dystrybucyjnego w Radomsku. Dzi\u0119ki inwestycji sta\u0142o si\u0119 ono naszym najwi\u0119kszym obiektem Polsce, zar\u00f3wno pod wzgl\u0119dem powierzchni, jak i mo\u017cliwo\u015bci operacyjnych. Rozbudowa rozpocz\u0119\u0142a si\u0119 w 2025 roku i obejmowa\u0142a kompleksow\u0105 modernizacj\u0119 ca\u0142ego centrum, w tym hal magazynowych ze strefami prze\u0142adunkowymi, maszynowni, budynk\u00f3w biurowych i technicznych oraz infrastruktury towarzysz\u0105cej. \u2013 Rozbudowa centrum dystrybucyjnego [&hellip;]<\/p>\n","protected":false},"author":1,"featured_media":2178,"comment_status":"closed","ping_status":"closed","sticky":false,"template":"","format":"standard","meta":{"footnotes":""},"categories":[18],"tags":[],"class_list":{"0":"post-2176","1":"post","2":"type-post","3":"status-publish","4":"format-standard","5":"has-post-thumbnail","7":"category-aktualnosci"},"amp_enabled":false,"_links":{"self":[{"href":"https:\/\/frigologistics.pl\/index.php\/wp-json\/wp\/v2\/posts\/2176","targetHints":{"allow":["GET"]}}],"collection":[{"href":"https:\/\/frigologistics.pl\/index.php\/wp-json\/wp\/v2\/posts"}],"about":[{"href":"https:\/\/frigologistics.pl\/index.php\/wp-json\/wp\/v2\/types\/post"}],"author":[{"embeddable":true,"href":"https:\/\/frigologistics.pl\/index.php\/wp-json\/wp\/v2\/users\/1"}],"replies":[{"embeddable":true,"href":"https:\/\/frigologistics.pl\/index.php\/wp-json\/wp\/v2\/comments?post=2176"}],"version-history":[{"count":2,"href":"https:\/\/frigologistics.pl\/index.php\/wp-json\/wp\/v2\/posts\/2176\/revisions"}],"predecessor-version":[{"id":2184,"href":"https:\/\/frigologistics.pl\/index.php\/wp-json\/wp\/v2\/posts\/2176\/revisions\/2184"}],"wp:featuredmedia":[{"embeddable":true,"href":"https:\/\/frigologistics.pl\/index.php\/wp-json\/wp\/v2\/media\/2178"}],"wp:attachment":[{"href":"https:\/\/frigologistics.pl\/index.php\/wp-json\/wp\/v2\/media?parent=2176"}],"wp:term":[{"taxonomy":"category","embeddable":true,"href":"https:\/\/frigologistics.pl\/index.php\/wp-json\/wp\/v2\/categories?post=2176"},{"taxonomy":"post_tag","embeddable":true,"href":"https:\/\/frigologistics.pl\/index.php\/wp-json\/wp\/v2\/tags?post=2176"}],"curies":[{"name":"wp","href":"https:\/\/api.w.org\/{rel}","templated":true}]}}