{"id":1976,"date":"2025-12-02T13:09:37","date_gmt":"2025-12-02T12:09:37","guid":{"rendered":"https:\/\/frigologistics.pl\/?p=1976"},"modified":"2026-01-13T15:12:47","modified_gmt":"2026-01-13T14:12:47","slug":"wyroznienie-honorowe","status":"publish","type":"post","link":"https:\/\/frigologistics.pl\/index.php\/2025\/12\/02\/wyroznienie-honorowe\/","title":{"rendered":"Otrzymali\u015bmy wyr\u00f3\u017cnienie honorowe"},"content":{"rendered":"\n<p>Otrzymali\u015bmy wyr\u00f3\u017cnienie honorowe w kategorii: &#8222;zarz\u0105dzanie \u0142a\u0144cuchem dostaw produkt\u00f3w spo\u017cywczych&#8221; przyznawane w presti\u017cowym badaniu Operator Logistyczny 2025! \ud83c\udfc6<br>Wyr\u00f3\u017cnienie podczas Gali Transportu i Logistyki, organizowanej przez Eurologistics Media Group odebra\u0142 nasz prezes Kris Verbruggen <br>To dla nas ogromne wyr\u00f3\u017cnienie i potwierdzenie, \u017ce nasza ci\u0119\u017cka praca, zaanga\u017cowanie oraz zaufanie naszych klient\u00f3w przynosz\u0105 wymierne efekty.<br>Dzi\u0119kujemy wszystkim, kt\u00f3rzy przyczynili si\u0119 do tego sukcesu \u2013 naszym pracownikom, partnerom i klientom <br>Przysz\u0142o\u015b\u0107 jest pe\u0142na wyzwa\u0144 i mo\u017cliwo\u015bci, a my jeste\u015bmy gotowi, by je wsp\u00f3lnie osi\u0105ga\u0107!<br>Razem tworzymy sukces!<\/p>\n\n\n\n<div class=\"wp-block-columns is-layout-flex wp-container-core-columns-is-layout-9d6595d7 wp-block-columns-is-layout-flex\">\n<div class=\"wp-block-column is-layout-flow wp-block-column-is-layout-flow\"><\/div>\n\n\n\n<div class=\"wp-block-column is-layout-flow wp-block-column-is-layout-flow\"><\/div>\n\n\n\n<div class=\"wp-block-column is-layout-flow wp-block-column-is-layout-flow\"><\/div>\n<\/div>\n\n\n\n<p><\/p>\n\n\n\n<div class=\"wp-block-columns is-layout-flex wp-container-core-columns-is-layout-9d6595d7 wp-block-columns-is-layout-flex\">\n<div class=\"wp-block-column is-layout-flow wp-block-column-is-layout-flow\">\n<figure class=\"wp-block-image size-full\"><img loading=\"lazy\" decoding=\"async\" width=\"1447\" height=\"965\" src=\"https:\/\/frigologistics.pl\/wp-content\/uploads\/2026\/01\/e12de00d-9dd4-48e8-b804-51166d18d4ea-edited-1.jpg\" alt=\"\" class=\"wp-image-1992\" style=\"object-fit:cover\" srcset=\"https:\/\/frigologistics.pl\/wp-content\/uploads\/2026\/01\/e12de00d-9dd4-48e8-b804-51166d18d4ea-edited-1.jpg 1447w, https:\/\/frigologistics.pl\/wp-content\/uploads\/2026\/01\/e12de00d-9dd4-48e8-b804-51166d18d4ea-edited-1-300x200.jpg 300w, https:\/\/frigologistics.pl\/wp-content\/uploads\/2026\/01\/e12de00d-9dd4-48e8-b804-51166d18d4ea-edited-1-1024x683.jpg 1024w, https:\/\/frigologistics.pl\/wp-content\/uploads\/2026\/01\/e12de00d-9dd4-48e8-b804-51166d18d4ea-edited-1-768x512.jpg 768w, https:\/\/frigologistics.pl\/wp-content\/uploads\/2026\/01\/e12de00d-9dd4-48e8-b804-51166d18d4ea-edited-1-630x420.jpg 630w, https:\/\/frigologistics.pl\/wp-content\/uploads\/2026\/01\/e12de00d-9dd4-48e8-b804-51166d18d4ea-edited-1-1260x840.jpg 1260w, https:\/\/frigologistics.pl\/wp-content\/uploads\/2026\/01\/e12de00d-9dd4-48e8-b804-51166d18d4ea-edited-1-150x100.jpg 150w, https:\/\/frigologistics.pl\/wp-content\/uploads\/2026\/01\/e12de00d-9dd4-48e8-b804-51166d18d4ea-edited-1-696x464.jpg 696w, https:\/\/frigologistics.pl\/wp-content\/uploads\/2026\/01\/e12de00d-9dd4-48e8-b804-51166d18d4ea-edited-1-1068x712.jpg 1068w\" sizes=\"auto, (max-width: 1447px) 100vw, 1447px\" \/><\/figure>\n<\/div>\n\n\n\n<div class=\"wp-block-column is-layout-flow wp-block-column-is-layout-flow\"><\/div>\n<\/div>\n","protected":false},"excerpt":{"rendered":"<p>Otrzymali\u015bmy wyr\u00f3\u017cnienie honorowe w kategorii: &#8222;zarz\u0105dzanie \u0142a\u0144cuchem dostaw produkt\u00f3w spo\u017cywczych&#8221; przyznawane w presti\u017cowym badaniu Operator Logistyczny 2025! \ud83c\udfc6Wyr\u00f3\u017cnienie podczas Gali Transportu i Logistyki, organizowanej przez Eurologistics Media Group odebra\u0142 nasz prezes Kris Verbruggen To dla nas ogromne wyr\u00f3\u017cnienie i potwierdzenie, \u017ce nasza ci\u0119\u017cka praca, zaanga\u017cowanie oraz zaufanie naszych klient\u00f3w przynosz\u0105 wymierne efekty.Dzi\u0119kujemy wszystkim, kt\u00f3rzy przyczynili [&hellip;]<\/p>\n","protected":false},"author":1,"featured_media":1978,"comment_status":"closed","ping_status":"closed","sticky":false,"template":"","format":"standard","meta":{"footnotes":""},"categories":[18],"tags":[],"class_list":{"0":"post-1976","1":"post","2":"type-post","3":"status-publish","4":"format-standard","5":"has-post-thumbnail","7":"category-aktualnosci"},"amp_enabled":false,"_links":{"self":[{"href":"https:\/\/frigologistics.pl\/index.php\/wp-json\/wp\/v2\/posts\/1976","targetHints":{"allow":["GET"]}}],"collection":[{"href":"https:\/\/frigologistics.pl\/index.php\/wp-json\/wp\/v2\/posts"}],"about":[{"href":"https:\/\/frigologistics.pl\/index.php\/wp-json\/wp\/v2\/types\/post"}],"author":[{"embeddable":true,"href":"https:\/\/frigologistics.pl\/index.php\/wp-json\/wp\/v2\/users\/1"}],"replies":[{"embeddable":true,"href":"https:\/\/frigologistics.pl\/index.php\/wp-json\/wp\/v2\/comments?post=1976"}],"version-history":[{"count":2,"href":"https:\/\/frigologistics.pl\/index.php\/wp-json\/wp\/v2\/posts\/1976\/revisions"}],"predecessor-version":[{"id":1993,"href":"https:\/\/frigologistics.pl\/index.php\/wp-json\/wp\/v2\/posts\/1976\/revisions\/1993"}],"wp:featuredmedia":[{"embeddable":true,"href":"https:\/\/frigologistics.pl\/index.php\/wp-json\/wp\/v2\/media\/1978"}],"wp:attachment":[{"href":"https:\/\/frigologistics.pl\/index.php\/wp-json\/wp\/v2\/media?parent=1976"}],"wp:term":[{"taxonomy":"category","embeddable":true,"href":"https:\/\/frigologistics.pl\/index.php\/wp-json\/wp\/v2\/categories?post=1976"},{"taxonomy":"post_tag","embeddable":true,"href":"https:\/\/frigologistics.pl\/index.php\/wp-json\/wp\/v2\/tags?post=1976"}],"curies":[{"name":"wp","href":"https:\/\/api.w.org\/{rel}","templated":true}]}}