{"id":1951,"date":"2025-10-03T10:46:47","date_gmt":"2025-10-03T08:46:47","guid":{"rendered":"https:\/\/frigologistics.pl\/?p=1951"},"modified":"2025-10-03T10:47:39","modified_gmt":"2025-10-03T08:47:39","slug":"nagroda-marszalka-wojewodztwa","status":"publish","type":"post","link":"https:\/\/frigologistics.pl\/index.php\/2025\/10\/03\/nagroda-marszalka-wojewodztwa\/","title":{"rendered":"Nagroda Marsza\u0142ka Wojew\u00f3dztwa Kujawsko-Pomorskiego"},"content":{"rendered":"\n<p>Podczas jubileuszowej XXV Gali Nagr\u00f3d Marsza\u0142ka Wojew\u00f3dztwa Kujawsko-Pomorskiego, otrzymali\u015bmy wyr\u00f3\u017cnienie w kategorii Gospodarka. Nagroda zosta\u0142a przyznana za rozbudow\u0119 naszego magazynu- mro\u017ani w \u017bninie. To wa\u017cny krok w rozwoju Frigo Logistics jako firmy \u015bwiadcz\u0105cej kompleksowe us\u0142ugi logistyczne dla produkt\u00f3w spo\u017cywczych wymagaj\u0105cych kontrolowanej temperatury- podkre\u015blono podczas Gali. Nagrod\u0119 w imieniu firmy odebra\u0142a Ewa Kubicka, Dyrektor Finansowy w naszej firmie.<\/p>\n\n\n\n<figure class=\"wp-block-image size-large\"><img loading=\"lazy\" decoding=\"async\" width=\"1024\" height=\"682\" src=\"https:\/\/frigologistics.pl\/wp-content\/uploads\/2025\/10\/nagroda-4-1024x682.jpg\" alt=\"\" class=\"wp-image-1955\" srcset=\"https:\/\/frigologistics.pl\/wp-content\/uploads\/2025\/10\/nagroda-4-1024x682.jpg 1024w, https:\/\/frigologistics.pl\/wp-content\/uploads\/2025\/10\/nagroda-4-300x200.jpg 300w, https:\/\/frigologistics.pl\/wp-content\/uploads\/2025\/10\/nagroda-4-768x512.jpg 768w, https:\/\/frigologistics.pl\/wp-content\/uploads\/2025\/10\/nagroda-4-630x420.jpg 630w, https:\/\/frigologistics.pl\/wp-content\/uploads\/2025\/10\/nagroda-4-1260x840.jpg 1260w, https:\/\/frigologistics.pl\/wp-content\/uploads\/2025\/10\/nagroda-4-150x100.jpg 150w, https:\/\/frigologistics.pl\/wp-content\/uploads\/2025\/10\/nagroda-4-696x464.jpg 696w, https:\/\/frigologistics.pl\/wp-content\/uploads\/2025\/10\/nagroda-4-1068x712.jpg 1068w, https:\/\/frigologistics.pl\/wp-content\/uploads\/2025\/10\/nagroda-4.jpg 1280w\" sizes=\"auto, (max-width: 1024px) 100vw, 1024px\" \/><\/figure>\n","protected":false},"excerpt":{"rendered":"<p>Podczas jubileuszowej XXV Gali Nagr\u00f3d Marsza\u0142ka Wojew\u00f3dztwa Kujawsko-Pomorskiego, otrzymali\u015bmy wyr\u00f3\u017cnienie w kategorii Gospodarka. Nagroda zosta\u0142a przyznana za rozbudow\u0119 naszego magazynu- mro\u017ani w \u017bninie. To wa\u017cny krok w rozwoju Frigo Logistics jako firmy \u015bwiadcz\u0105cej kompleksowe us\u0142ugi logistyczne dla produkt\u00f3w spo\u017cywczych wymagaj\u0105cych kontrolowanej temperatury- podkre\u015blono podczas Gali. Nagrod\u0119 w imieniu firmy odebra\u0142a Ewa Kubicka, Dyrektor Finansowy w [&hellip;]<\/p>\n","protected":false},"author":1,"featured_media":1957,"comment_status":"closed","ping_status":"closed","sticky":false,"template":"","format":"standard","meta":{"footnotes":""},"categories":[18],"tags":[],"class_list":{"0":"post-1951","1":"post","2":"type-post","3":"status-publish","4":"format-standard","5":"has-post-thumbnail","7":"category-aktualnosci"},"amp_enabled":false,"_links":{"self":[{"href":"https:\/\/frigologistics.pl\/index.php\/wp-json\/wp\/v2\/posts\/1951","targetHints":{"allow":["GET"]}}],"collection":[{"href":"https:\/\/frigologistics.pl\/index.php\/wp-json\/wp\/v2\/posts"}],"about":[{"href":"https:\/\/frigologistics.pl\/index.php\/wp-json\/wp\/v2\/types\/post"}],"author":[{"embeddable":true,"href":"https:\/\/frigologistics.pl\/index.php\/wp-json\/wp\/v2\/users\/1"}],"replies":[{"embeddable":true,"href":"https:\/\/frigologistics.pl\/index.php\/wp-json\/wp\/v2\/comments?post=1951"}],"version-history":[{"count":2,"href":"https:\/\/frigologistics.pl\/index.php\/wp-json\/wp\/v2\/posts\/1951\/revisions"}],"predecessor-version":[{"id":1956,"href":"https:\/\/frigologistics.pl\/index.php\/wp-json\/wp\/v2\/posts\/1951\/revisions\/1956"}],"wp:featuredmedia":[{"embeddable":true,"href":"https:\/\/frigologistics.pl\/index.php\/wp-json\/wp\/v2\/media\/1957"}],"wp:attachment":[{"href":"https:\/\/frigologistics.pl\/index.php\/wp-json\/wp\/v2\/media?parent=1951"}],"wp:term":[{"taxonomy":"category","embeddable":true,"href":"https:\/\/frigologistics.pl\/index.php\/wp-json\/wp\/v2\/categories?post=1951"},{"taxonomy":"post_tag","embeddable":true,"href":"https:\/\/frigologistics.pl\/index.php\/wp-json\/wp\/v2\/tags?post=1951"}],"curies":[{"name":"wp","href":"https:\/\/api.w.org\/{rel}","templated":true}]}}