{"id":1241,"date":"2024-09-19T09:45:32","date_gmt":"2024-09-19T07:45:32","guid":{"rendered":"https:\/\/frigologistics.home.pl\/autoinstalator\/wordpressplugins1\/?p=1241"},"modified":"2024-09-25T09:46:11","modified_gmt":"2024-09-25T07:46:11","slug":"frigo-na-cold-chain-institute","status":"publish","type":"post","link":"https:\/\/frigologistics.pl\/index.php\/2024\/09\/19\/frigo-na-cold-chain-institute\/","title":{"rendered":"Frigo na Cold Chain Institute"},"content":{"rendered":"\n<p>Kris Verbruggen,\u00a0Kamil Dawidowicz,\u00a0Tomasz Zato\u0144, Robert Makowski, Katarzyna Knychalska, Jacek Gawro\u0144ski, razem z ponad 50 profesjonalistami z bran\u017cy \u0142a\u0144cucha dostaw \u017cywno\u015bci w kontrolowanej temperaturze z ca\u0142ej Europy i innych region\u00f3w spotkali si\u0119 w Rotterdamie na kolejnym wydarzeniu Global Cold Chain Alliance (GCCA)<\/p>\n\n\n\n<figure class=\"wp-block-image size-large\"><img loading=\"lazy\" decoding=\"async\" width=\"1024\" height=\"768\" src=\"https:\/\/frigologistics.home.pl\/autoinstalator\/wordpressplugins1\/wp-content\/uploads\/2024\/09\/coldchain2-1024x768.jpg\" alt=\"\" class=\"wp-image-1242\" srcset=\"https:\/\/frigologistics.pl\/wp-content\/uploads\/2024\/09\/coldchain2-1024x768.jpg 1024w, https:\/\/frigologistics.pl\/wp-content\/uploads\/2024\/09\/coldchain2-300x225.jpg 300w, https:\/\/frigologistics.pl\/wp-content\/uploads\/2024\/09\/coldchain2-768x576.jpg 768w, https:\/\/frigologistics.pl\/wp-content\/uploads\/2024\/09\/coldchain2-1536x1152.jpg 1536w, https:\/\/frigologistics.pl\/wp-content\/uploads\/2024\/09\/coldchain2-560x420.jpg 560w, https:\/\/frigologistics.pl\/wp-content\/uploads\/2024\/09\/coldchain2-1120x840.jpg 1120w, https:\/\/frigologistics.pl\/wp-content\/uploads\/2024\/09\/coldchain2-80x60.jpg 80w, https:\/\/frigologistics.pl\/wp-content\/uploads\/2024\/09\/coldchain2-160x120.jpg 160w, https:\/\/frigologistics.pl\/wp-content\/uploads\/2024\/09\/coldchain2-150x113.jpg 150w, https:\/\/frigologistics.pl\/wp-content\/uploads\/2024\/09\/coldchain2-696x522.jpg 696w, https:\/\/frigologistics.pl\/wp-content\/uploads\/2024\/09\/coldchain2-1068x801.jpg 1068w, https:\/\/frigologistics.pl\/wp-content\/uploads\/2024\/09\/coldchain2-1920x1440.jpg 1920w, https:\/\/frigologistics.pl\/wp-content\/uploads\/2024\/09\/coldchain2-265x198.jpg 265w, https:\/\/frigologistics.pl\/wp-content\/uploads\/2024\/09\/coldchain2.jpg 2048w\" sizes=\"auto, (max-width: 1024px) 100vw, 1024px\" \/><\/figure>\n","protected":false},"excerpt":{"rendered":"<p>Kris Verbruggen,\u00a0Kamil Dawidowicz,\u00a0Tomasz Zato\u0144, Robert Makowski, Katarzyna Knychalska, Jacek Gawro\u0144ski, razem z ponad 50 profesjonalistami z bran\u017cy \u0142a\u0144cucha dostaw \u017cywno\u015bci w kontrolowanej temperaturze z ca\u0142ej Europy i innych region\u00f3w spotkali si\u0119 w Rotterdamie na kolejnym wydarzeniu Global Cold Chain Alliance (GCCA)<\/p>\n","protected":false},"author":1,"featured_media":1242,"comment_status":"closed","ping_status":"closed","sticky":false,"template":"","format":"standard","meta":{"footnotes":""},"categories":[18],"tags":[],"class_list":{"0":"post-1241","1":"post","2":"type-post","3":"status-publish","4":"format-standard","5":"has-post-thumbnail","7":"category-aktualnosci"},"amp_enabled":false,"_links":{"self":[{"href":"https:\/\/frigologistics.pl\/index.php\/wp-json\/wp\/v2\/posts\/1241","targetHints":{"allow":["GET"]}}],"collection":[{"href":"https:\/\/frigologistics.pl\/index.php\/wp-json\/wp\/v2\/posts"}],"about":[{"href":"https:\/\/frigologistics.pl\/index.php\/wp-json\/wp\/v2\/types\/post"}],"author":[{"embeddable":true,"href":"https:\/\/frigologistics.pl\/index.php\/wp-json\/wp\/v2\/users\/1"}],"replies":[{"embeddable":true,"href":"https:\/\/frigologistics.pl\/index.php\/wp-json\/wp\/v2\/comments?post=1241"}],"version-history":[{"count":1,"href":"https:\/\/frigologistics.pl\/index.php\/wp-json\/wp\/v2\/posts\/1241\/revisions"}],"predecessor-version":[{"id":1243,"href":"https:\/\/frigologistics.pl\/index.php\/wp-json\/wp\/v2\/posts\/1241\/revisions\/1243"}],"wp:featuredmedia":[{"embeddable":true,"href":"https:\/\/frigologistics.pl\/index.php\/wp-json\/wp\/v2\/media\/1242"}],"wp:attachment":[{"href":"https:\/\/frigologistics.pl\/index.php\/wp-json\/wp\/v2\/media?parent=1241"}],"wp:term":[{"taxonomy":"category","embeddable":true,"href":"https:\/\/frigologistics.pl\/index.php\/wp-json\/wp\/v2\/categories?post=1241"},{"taxonomy":"post_tag","embeddable":true,"href":"https:\/\/frigologistics.pl\/index.php\/wp-json\/wp\/v2\/tags?post=1241"}],"curies":[{"name":"wp","href":"https:\/\/api.w.org\/{rel}","templated":true}]}}