{"id":1213,"date":"2024-09-23T12:56:44","date_gmt":"2024-09-23T10:56:44","guid":{"rendered":"https:\/\/frigologistics.home.pl\/autoinstalator\/wordpressplugins1\/?p=1213"},"modified":"2024-09-30T15:48:09","modified_gmt":"2024-09-30T13:48:09","slug":"polityka-prywatnosci","status":"publish","type":"post","link":"https:\/\/frigologistics.pl\/index.php\/2024\/09\/23\/polityka-prywatnosci\/","title":{"rendered":"Polityka prywatno\u015bci"},"content":{"rendered":"\n<p><strong>Polityka prywatno\u015bci<\/strong><\/p>\n\n\n\n<p>Drogi Odwiedzaj\u0105cy,<\/p>\n\n\n\n<p>Nasza strona www przetwarza pewne dane osobowe. Poni\u017cej znajdziesz informacje na temat tego, jakie dane i w jaki spos\u00f3b wykorzystujemy, w tym informacje o plikach cookies.<\/p>\n\n\n\n<p>Wsp\u00f3\u0142administratorami strony internetowej, na kt\u00f3rej si\u0119 znajdujesz, s\u0105:<\/p>\n\n\n\n<p><a>Frigo Logistics sp\u00f3\u0142ka z ograniczon\u0105 odpowiedzialno\u015bci\u0105z&nbsp;siedzib\u0105 w \u017bninie, wpisana do Rejestru Przedsi\u0119biorc\u00f3w Krajowego Rejestru S\u0105dowego prowadzonego przez S\u0105d Rejonowy w Bydgoszczy pod numerem KRS: 8950, REGON: 634186353 NIP: <\/a>7772583933.<\/p>\n\n\n\n<p>oraz<\/p>\n\n\n\n<p>Armir Logistyka sp\u00f3\u0142ka z ograniczon\u0105 odpowiedzialno\u015bci\u0105z&nbsp;siedzib\u0105 w \u017bninie, wpisana do Rejestru Przedsi\u0119biorc\u00f3w Krajowego Rejestru S\u0105dowego prowadzonego przez S\u0105d Rejonowy w Bydgoszczy pod numerem KRS: 919140, REGON: 240373672, NIP: 6412380280.<\/p>\n\n\n\n<p>Wymienione podmioty zawar\u0142y umow\u0119 o wsp\u00f3\u0142administrowanie niniejsz\u0105 stron\u0105, w ramach kt\u00f3rej ustali\u0142y, i\u017c wszelkie czynno\u015bci zwi\u0105zane z realizacj\u0105 praw podmiot\u00f3w danych b\u0119d\u0105 wykonywane przez Frigo Logistics.<\/p>\n\n\n\n<p>Mo\u017cesz oczywi\u015bcie zg\u0142osi\u0107 swoje \u017c\u0105dania jako podmiotu danych do dowolnego z wymienionych powy\u017cej Wsp\u00f3\u0142administrator\u00f3w, Twoje \u017c\u0105danie zostanie jednak rozpoznane szybciej, je\u015bli skierujesz je na adres mailowy: agnieszka.grabowska@frigologistics.pl.<\/p>\n\n\n\n<p>Strona przetwarza dane osobowe obejmuj\u0105ce: nr IP urz\u0105dzenia przy pomocy kt\u00f3rego go\u015b\u0107 odwiedza stron\u0119, informacje o sposobie korzystania ze strony, wyborach go\u015bcia.<\/p>\n\n\n\n<p>Je\u015bli odwiedzasz nasz\u0105 stron\u0119 www, przetwarzamy Twoje dane osobowe w kilku obszarach:<\/p>\n\n\n\n<ul class=\"wp-block-list\">\n<li>poprzez korzystanie z plik\u00f3w cookies,<\/li>\n\n\n\n<li>poprzez zarz\u0105dzanie zgodami cookies,<\/li>\n\n\n\n<li>poprzez udzielanie wsparcia technicznego,<\/li>\n\n\n\n<li>poprzez podejmowanie dzia\u0142a\u0144 maj\u0105cych na celu zapewnienie bezpiecze\u0144stwa danych przechowywanych na platformie,<\/li>\n\n\n\n<li>poprzez podejmowanie dzia\u0142a\u0144 maj\u0105cych na celu zapewnienie mo\u017cliwo\u015bci technicznych korzystania z us\u0142ug platformy,<\/li>\n\n\n\n<li>poprzez obs\u0142ug\u0119 skarg, wniosk\u00f3w, reklamacji,<\/li>\n\n\n\n<li>poprzez zapewnienie wsparcia technicznego.<\/li>\n<\/ul>\n\n\n\n<p>Frigo Logistics i Armir Logistyka pe\u0142ni\u0105 funkcje wsp\u00f3\u0142administrator\u00f3w danych osobowych dla wszystkich wymienionych powy\u017cej proces\u00f3w przetwarzania.<\/p>\n\n\n\n<p><strong>Podstawy przetwarzania<\/strong><\/p>\n\n\n\n<p>Nie masz obowi\u0105zku udost\u0119pnia\u0107 nam swoich danych. Jednak\u017ce bez udost\u0119pnienia cz\u0119\u015bci z nich nie b\u0119dzie mo\u017cliwe korzystanie z us\u0142ug platformy.<\/p>\n\n\n\n<p>Przetwarzanie przez nas danych osobowych odbywa na si\u0119 na r\u00f3\u017cnych podstawach prawnych:<\/p>\n\n\n\n<ol class=\"wp-block-list\">\n<li>W przypadku korzystania z plik\u00f3w cookies niezb\u0119dnych podstaw\u0105 przetwarzania jest art. 6 ust. 1 pkt. f) RODO (czyli Rozporz\u0105dzenia Parlamentu Europejskiego i Rady (Ue) 2016\/679 z dnia 27 kwietnia 2016 r. w sprawie ochrony os\u00f3b fizycznych w zwi\u0105zku z przetwarzaniem danych osobowych i w sprawie swobodnego przep\u0142ywu takich danych oraz uchylenia Dyrektywy 95\/46\/We) czyli uzasadniony interes wsp\u00f3\u0142administrator\u00f3w polegaj\u0105cy na prowadzeniu niniejszej strony internetowej. Z tych plik\u00f3w nie da si\u0119 technicznie zrezygnowa\u0107. Je\u015bli osoba odwiedzaj\u0105ca stron\u0119 sprzeciwia si\u0119 ich wykorzystaniu nie powinna wchodzi\u0107 na stron\u0119 internetow\u0105, ewentualnie powinna j\u0105 opu\u015bci\u0107. Celem przetwarzania jest zapewnienie dzia\u0142ania narz\u0119dzia jakim jest niniejsza witryna internetowa.<\/li>\n\n\n\n<li>W przypadku plik\u00f3w cookies statystycznych, marketingowych, medi\u00f3w spo\u0142eczno\u015bciowych, preferencyjnych \u2013 podstaw\u0105 przetwarzania jest art. 6 ust. 1 pkt. a) RODO, tj. zgoda podmiotu danych \u2013 strona b\u0119dzie przetwarza\u0107 te pliki wy\u0142\u0105cznie je\u015bli wyrazisz na to zgod\u0119 w cookiebocie zamieszczonym na dole strony. Domy\u015blne ustawienia nie zawieraj\u0105 zgody na wskazane cookies. Wyra\u017cenie zgody wymaga aktywnego jej zaznaczenia. Raz wybrane ustawienia s\u0105 zapami\u0119tywane przez stron\u0119 ale mog\u0105 by\u0107 w ka\u017cdym czasie zmienione poprzez rozwini\u0119cie cookiebota widocznego na stronie g\u0142\u00f3wnej portalu (mo\u017cna to tak\u017ce zmieni\u0107 w ustawieniach Twojej przegl\u0105darki). Zmiana ustawie\u0144 poprzez cofni\u0119cie zgody na przetwarzanie plik\u00f3w cookies nie wp\u0142ynie w \u017caden spos\u00f3b na prawid\u0142owo\u015b\u0107 przetwarzania przed cofni\u0119ciem zgody. Celem przetwarzania jest:<\/li>\n\n\n\n<li>w przypadku cookies statystycznych \u2013 gromadzenie przez Wsp\u00f3\u0142administrator\u00f3w informacji o sposobach korzystania ze strony przez odwiedzaj\u0105cych,<\/li>\n\n\n\n<li>w przypadku cookies marketingowych \u2013 mo\u017cliwo\u015b\u0107 lepszego ukierunkowania ewentualnych dzia\u0142a\u0144 marketingowych poprzez zbieranie informacji o odwiedzaj\u0105cych i ich aktywno\u015bciach<\/li>\n\n\n\n<li>w przypadku cookies preferencyjnych \u2013 zapami\u0119tywanie ustawie\u0144 odwiedzaj\u0105cego maj\u0105ce na celu u\u0142atwienie mu nawigowania po stronie przy kolejnych wizytach<\/li>\n\n\n\n<li>w przypadku cookies medi\u00f3w spo\u0142eczno\u015bciowych \u2013 &nbsp;mo\u017cliwo\u015b\u0107 lepszego ukierunkowania ewentualnych dzia\u0142a\u0144 marketingowych poprzez zbieranie informacji o odwiedzaj\u0105cych i ich aktywno\u015bciach, udost\u0119pnianie przez odwiedzaj\u0105cego tre\u015bci zawartych na stronie w mediach spo\u0142eczno\u015bciowych.<\/li>\n<\/ol>\n\n\n\n<ul class=\"wp-block-list\">\n<li>W przypadku zarz\u0105dzania zgodami na pliki cookies podstaw\u0105 przetwarzania jest art. 6 ust. 1 pkt. c) RODO czyli ci\u0105\u017c\u0105cy na administratorze obowi\u0105zek prawny ewidencjonowania uzyskanych zg\u00f3d na przetwarzanie danych osobowych.<\/li>\n\n\n\n<li>W przypadku danych przetwarzanych w zwi\u0105zku z udzielaniem wsparcia technicznego a tak\u017ce dla obs\u0142ugi skarg, wniosk\u00f3w, reklamacji podstaw\u0105 przetwarzania jest art. 6 ust. 1 pkt. f) RODO tj. uzasadniony interes administratora polegaj\u0105cy na prawie do zapewnienia prawid\u0142owego funkcjonowania platformy i udzielenia odpowiedzi na otrzymane wnioski,&nbsp; skargi i reklamacje. Celem przetwarzania jest zapewnienie prawid\u0142owego funkcjonowania platformy i obs\u0142uga zg\u0142oszonych wniosk\u00f3w lub skarg albo reklamacji.<\/li>\n<\/ul>\n\n\n\n<p><strong>Ciasteczka (pliki cookie)<\/strong><\/p>\n\n\n\n<p>Witryna w niekt\u00f3rych obszarach wykorzystuje pliki cookie. Pliki cookie to niewielkie pliki tekstowe wysy\u0142ane do komputera odwiedzaj\u0105cego, identyfikuj\u0105ce go w spos\u00f3b potrzebny do uproszczenia i przyspieszenia dzia\u0142ania serwisu. Pliki te mo\u017cna podzieli\u0107 na 5 grup:<\/p>\n\n\n\n<ol class=\"wp-block-list\">\n<li>Niezb\u0119dne pliki cookies \u2013 to pliki, kt\u00f3re umo\u017cliwiaj\u0105 korzystanie z podstawowych funkcji strony, np. nawigacji na stronie, czy dost\u0119p do bezpiecznych obszar\u00f3w strony internetowej. Witryna nie mo\u017ce funkcjonowa\u0107 poprawnie bez tych plik\u00f3w.<\/li>\n\n\n\n<li>Preferencyjne pliki cookies &#8211; pozwalaj\u0105 stronie zapami\u0119tywa\u0107 informacje o wyborach odwiedzaj\u0105cego,. W praktyce u\u0142atwiaj\u0105 korzystanie z witryny.<\/li>\n\n\n\n<li>Statystyczne pliki cookies &nbsp;&#8211; pomagaj\u0105 administratorowi platformy zrozumie\u0107, w jaki spos\u00f3b r\u00f3\u017cni odwiedzaj\u0105cy zachowuj\u0105 si\u0119 na stronie, gromadz\u0105c i zg\u0142aszaj\u0105c anonimowe informacje.<\/li>\n\n\n\n<li>Marketingowe pliki cookies &#8211; stosowane s\u0105 w celu dostarczania odwiedzaj\u0105cym reklam us\u0142ug administratora na stronach stron trzecich. Wsp\u00f3\u0142administratorzy u\u017cywaj\u0105 tych plik\u00f3w cookies we wsp\u00f3\u0142pracy z partnerami marketingowym.<\/li>\n\n\n\n<li>Pliki &nbsp;cookies medi\u00f3w spo\u0142eczno\u015bciowych \u2013 pozwalaj\u0105 na skomunikowanie platformy z us\u0142ugami medi\u00f3w spo\u0142eczno\u015bciowych. Dzi\u0119ki nim odwiedzaj\u0105cy mo\u017ce &nbsp;np. udost\u0119pnia\u0107 nasze tre\u015bci znajomym, przenie\u015b\u0107 si\u0119 na nasz profil w mediach spo\u0142eczno\u015bciowych. &nbsp;Takie pliki cookie s\u0105 w stanie \u015bledzi\u0107 przegl\u0105dark\u0119 odwiedzaj\u0105cego na innych stronach i tworzy\u0107 profil jego &nbsp;zainteresowa\u0144. Mo\u017ce to wp\u0142yn\u0105\u0107 na tre\u015b\u0107 i wiadomo\u015bci, kt\u00f3re odwiedzaj\u0105cy widzi na innych stronach, kt\u00f3re odwiedza.<\/li>\n<\/ol>\n\n\n\n<p>Poni\u017cej przedstawiamy zestawienie plik\u00f3w cookies z kt\u00f3rych nasza witryna korzysta.<\/p>\n\n\n\n<figure class=\"wp-block-table\"><table class=\"has-fixed-layout\"><tbody><tr><td>Nazwa ciasteczka<\/td><td>Rodzaj<\/td><td>Co robi ciasteczko<\/td><td>Okres przechowywania danych<\/td><td>Podmiot trzeci b\u0119d\u0105cy odbiorc\u0105 danych<\/td><\/tr><tr><td>wpEmojiSettingsSupports &nbsp;<\/td><td>niezb\u0119dne<\/td><td>wykorzystywany w celu umo\u017cliwienia obs\u0142ugi emoji na stronach wykorzystuj\u0105cych WordPress<\/td><td><strong>365 dni<\/strong><\/td><td><strong>WordPress<\/strong><\/td><\/tr><tr><td>Google analytics<\/td><td>statystyczne<\/td><td>S\u0142u\u017cy do badania ruchu na stronie<\/td><td><strong>26 miesi\u0119cy<\/strong><\/td><td><strong>Google Ireland Ltd<\/strong><\/td><\/tr><tr><td>Google Fonts<\/td><td>niezb\u0119dne<\/td><td>Ustawia czcionk\u0119<\/td><td><strong>26 miesi\u0119cy<\/strong><\/td><td><strong>Google Ireland Ltd<\/strong><\/td><\/tr><tr><td>pll_language<\/td><td>niezb\u0119dne<\/td><td>Sprawdza i zapami\u0119tuje j\u0119zyk, kt\u00f3rego u\u017cywa odwiedzaj\u0105cy korzystaj\u0105c ze strony<\/td><td>365 dni<\/td><td>WP SYNTEX Ltd.<\/td><\/tr><\/tbody><\/table><\/figure>\n\n\n\n<p>Korzystamy na naszej stronie tak\u017ce z wtyczek Facebooka, LinkedIn, Youtube. &nbsp;Wtyczki te zawieraj\u0105 pliki cookies, dzi\u0119ki kt\u00f3rym portale otrzymuj\u0105 informacj\u0119, \u017ce nasz\u0105 stron\u0119 wszed\u0142 dany u\u017cytkownik, kt\u00f3ry posiada na portalu konto. Dane te s\u0105 przekazywane nawet bez naci\u015bni\u0119cia przycisku odsy\u0142aj\u0105cego do portalu. Wykorzystujemy te dane w celu optymalizacji naszych dzia\u0142a\u0144 marketingowych.<\/p>\n\n\n\n<p>W tym zakresie jeste\u015bmy wsp\u00f3\u0142administratorem danych z administratorem danego portalu. Zasady wykorzystywania tych danych przez administrator\u00f3w portali spo\u0142eczno\u015bciowych zawarte s\u0105 w politykach prywatno\u015bci tych portali:<\/p>\n\n\n\n<p><a href=\"https:\/\/pl-pl.facebook.com\/policies_center\/\">Regulamin i zasady obowi\u0105zuj\u0105ce na Facebooku<\/a><\/p>\n\n\n\n<p><a href=\"https:\/\/pl.linkedin.com\/legal\/privacy-policy\">Polityka ochrony prywatno\u015bci LinkedIn<\/a><\/p>\n\n\n\n<p><a href=\"https:\/\/support.google.com\/youtube\/topic\/9257518?hl=pl&amp;ref_topic=9257107&amp;sjid=16993067532881817050-EU\">Zarz\u0105dzanie ustawieniami prywatno\u015bci &#8211; YouTube &#8211; Pomoc (google.com)<\/a><\/p>\n\n\n\n<p>Odwiedzaj\u0105cy stron\u0119 mo\u017ce zrezygnowa\u0107 z plik\u00f3w cookies na trzy sposoby:<\/p>\n\n\n\n<ol class=\"wp-block-list\">\n<li>Poprzez wyb\u00f3r odpowiednich ustawie\u0144 w swojej przegl\u0105darce<\/li>\n\n\n\n<li>Poprzez zmian\u0119 ustawie\u0144 \u201ecookiebota\u201d \u2013 narz\u0119dzia widocznego przy wej\u015bciu na serwis a nast\u0119pnie stale dost\u0119pnego. W narz\u0119dziu tym osoba odwiedzaj\u0105ca stron\u0119 mo\u017ce dowolnie zarz\u0105dza\u0107 zgodami na wszystkie opcjonalne pliki cookies.<\/li>\n\n\n\n<li>Nie jest mo\u017cliwa rezygnacja z niezb\u0119dnych plik\u00f3w cookies. Bez nich nie jest technicznie mo\u017cliwe korzystanie ze strony internetowej. Jedyn\u0105 form\u0105 rezygnacji z tych plik\u00f3w jest zaniechanie odwiedzenia strony internetowej.<\/li>\n<\/ol>\n\n\n\n<p><strong>Odno\u015bniki do innych stron<\/strong><\/p>\n\n\n\n<p>Serwis mo\u017ce zawiera\u0107 linki do innych stron www. Administratorzy niniejszego Serwisu nie ponosz\u0105 jednak odpowiedzialno\u015bci za obowi\u0105zuj\u0105ce na tych stronach zasady prywatno\u015bci. Zach\u0119camy, aby po przej\u015bciu na takie strony, zapozna\u0107 si\u0119 ze stosowan\u0105 przez nie polityk\u0105 prywatno\u015bci.<\/p>\n\n\n\n<p><strong>Bezpiecze\u0144stwo danych<\/strong><\/p>\n\n\n\n<p>Dok\u0142adamy wszelkich stara\u0144, aby procesy przetwarzania, kt\u00f3re &nbsp;maj\u0105 miejsce na platformie by\u0142y odpowiednio zabezpieczone, dlatego dokonali\u015bmy doboru adekwatnych \u015brodk\u00f3w technicznych i organizacyjnych aby zabezpieczy\u0107 dane przez dost\u0119pem nieuprawnionych os\u00f3b trzecich.<\/p>\n\n\n\n<p>Nie mamy jednak pe\u0142nego wp\u0142ywu na bezpiecze\u0144stwo transmisji danych przez Internet. Dlatego to kluczowe aby odwiedzaj\u0105cy nasz\u0105 witryn\u0119 korzysta\u0142 z bezpiecznego \u0142\u0105cza internetowego.<\/p>\n\n\n\n<p><strong>Twoje prawa jako podmiotu danych<\/strong><\/p>\n\n\n\n<p>U\u017cytkowniku. W zwi\u0105zku z faktem, \u017ce nasza strona www przetwarza Twoje dane osobowe w zakresie wskazanym powy\u017cej przys\u0142uguj\u0105 Ci nast\u0119puj\u0105ce uprawnienia:<\/p>\n\n\n\n<ol class=\"wp-block-list\">\n<li>prawo dost\u0119pu do danych osobowych,<\/li>\n\n\n\n<li>prawo do sprostowania danych osobowych,<\/li>\n\n\n\n<li>prawo do usuni\u0119cia danych osobowych,<\/li>\n\n\n\n<li>prawo ograniczenia przetwarzania danych osobowych,<\/li>\n\n\n\n<li>prawo do przenoszenia danych osobowych,<\/li>\n\n\n\n<li>w sytuacjach, w kt\u00f3rych podstawa przetwarzania jest uzasadniony interes administratora \u2013 tj. w sytuacji gdy jako podstaw\u0119 przetwarzania wskazali\u015bmy art. 6 ust. 1 pkt. f) RODO &#8211; prawo do wniesienia sprzeciwu wobec przetwarzania danych osobowych na tej podstawie.<\/li>\n<\/ol>\n\n\n\n<p>W sytuacji, gdy przetwarzanie odbywa si\u0119 na podstawie zgody podmiotu danych, osoba ta&nbsp; &nbsp;mo\u017ce tak\u0105 zgod\u0119 w ka\u017cdej chwili wycofa\u0107. Nie wp\u0142ynie to na wa\u017cno\u015b\u0107 proces\u00f3w przetwarzania maj\u0105cych miejsce przed wycofaniem zgody. Spos\u00f3b wycofywania zgody na pliki cookies opisano w cz\u0119\u015bci dotycz\u0105cej plik\u00f3w cookies.<\/p>\n\n\n\n<p>Je\u015bli osoba odwiedzaj\u0105ca nasz\u0105 witryn\u0119 uzna, \u017ce przetwarzanie danych osobowych narusza obowi\u0105zuj\u0105ce przepisy przys\u0142uguje jej prawo do wniesienia skargi do Prezesa Urz\u0119du Ochrony Danych Osobowych.<\/p>\n\n\n\n<p>Zastrzegamy sobie prawo do pobrania op\u0142aty, je\u015bli wnioski podmiotu danych s\u0105 oczywi\u015bcie bezzasadne lub nadmierne. Zastrzegamy sobie prawo do weryfikacji to\u017csamo\u015bci osoby sk\u0142adaj\u0105cej wniosek, je\u015bli mamy uzasadnione w\u0105tpliwo\u015bci co do jej to\u017csamo\u015bci.<\/p>\n\n\n\n<p>Wszelkie \u017c\u0105dania na gruncie ochrony danych osobowych mog\u0105 by\u0107 kierowane na adres mailowy: agnieszka.grabowska@frigologistics.pl.<\/p>\n\n\n\n<p><strong>Okres przechowywania danych:<\/strong><\/p>\n\n\n\n<p>Okresy przechowywania danych zbieranych przez pliki cookies wskazano powy\u017cej w tabeli zawieraj\u0105cej list\u0119 plik\u00f3w cookies.<\/p>\n\n\n\n<p>Dane dotycz\u0105ce zarz\u0105dzania zgodami cookies, przechowywane s\u0105 przez okres przedawnienia potencjalnych roszcze\u0144 zwi\u0105zanych z udzieleniem zgody, tzn. nie kr\u00f3cej ni\u017c do up\u0142ywu 7 lat od&nbsp; odwo\u0142ania zgody.<\/p>\n\n\n\n<p>Dane przetwarzane w procesach skarg, wniosk\u00f3w, reklamacji przechowywane s\u0105 przez okres przedawnienia potencjalnych roszcze\u0144 zwi\u0105zanych ze praw\u0105 w kt\u00f3rej wniosek, reklamacj\u0119 lub skarg\u0119 z\u0142o\u017cono, tzn. nie kr\u00f3cej ni\u017c do up\u0142ywu 7 lat od zamkni\u0119cia danej sprawy.<\/p>\n\n\n\n<p><strong>Odbiorcy danych<\/strong><\/p>\n\n\n\n<p>Dane przetwarzane przez niniejszy serwis mog\u0105 by\u0107 przekazywane podmiotom trzecim, z&nbsp; kt\u00f3rych us\u0142ug korzystaj\u0105 Administratorzy przy wykonywaniu dzia\u0142alno\u015bci gospodarczej. W szczeg\u00f3lno\u015bci mog\u0105 to by\u0107: podmioty zapewniaj\u0105ce obs\u0142ug\u0119 IT, ksi\u0119gow\u0105 i prawn\u0105 Administrator\u00f3w oraz podmioty i organy upowa\u017cnione do ich pozyskania na podstawie przepis\u00f3w prawa.<\/p>\n\n\n\n<p>W przypadku danych zbieranych przez pliki cookies odbiorcami danych mog\u0105 by\u0107 zewn\u0119trzni dostawcy us\u0142ugi cookies, oni r\u00f3wnie\u017c mog\u0105 wykorzystywa\u0107 te dane jako administratorzy. Je\u017celi dany podmiot przekazuje dane do kraj\u00f3w po\u0142o\u017conych poza Europejskim Obszarem Gospodarczym zawsze jest to podmiot, kt\u00f3ry wykorzystuje jeden ze wskazanych w RODO mechanizm\u00f3w bezpiecze\u0144stwa:<\/p>\n\n\n\n<ol class=\"wp-block-list\">\n<li>decyzji stwierdzaj\u0105cej odpowiedni stopie\u0144 ochrony zgodnie z art. 45 RODO<\/li>\n\n\n\n<li>jedno z zabezpiecze\u0144 wskazanego w art. 46 RODO<\/li>\n<\/ol>\n\n\n\n<p><strong>Automatyczne podejmowanie decyzji i profilowanie<\/strong><\/p>\n\n\n\n<p>Platforma nie stosuje metod przetwarzania polegaj\u0105cych na automatycznym przetwarzaniu danych osobowych (w tym profilowaniu), kt\u00f3re maj\u0105 skutki prawne lub mog\u0105 istotnie wp\u0142yn\u0105\u0107 na podmiot danych.<\/p>\n","protected":false},"excerpt":{"rendered":"<p>Polityka prywatno\u015bci Drogi Odwiedzaj\u0105cy, Nasza strona www przetwarza pewne dane osobowe. Poni\u017cej znajdziesz informacje na temat tego, jakie dane i w jaki spos\u00f3b wykorzystujemy, w tym informacje o plikach cookies. Wsp\u00f3\u0142administratorami strony internetowej, na kt\u00f3rej si\u0119 znajdujesz, s\u0105: Frigo Logistics sp\u00f3\u0142ka z ograniczon\u0105 odpowiedzialno\u015bci\u0105z&nbsp;siedzib\u0105 w \u017bninie, wpisana do Rejestru Przedsi\u0119biorc\u00f3w Krajowego Rejestru S\u0105dowego prowadzonego przez [&hellip;]<\/p>\n","protected":false},"author":1,"featured_media":0,"comment_status":"closed","ping_status":"closed","sticky":false,"template":"","format":"standard","meta":{"footnotes":""},"categories":[1],"tags":[],"class_list":{"0":"post-1213","1":"post","2":"type-post","3":"status-publish","4":"format-standard","6":"category-bez-kategorii"},"amp_enabled":false,"_links":{"self":[{"href":"https:\/\/frigologistics.pl\/index.php\/wp-json\/wp\/v2\/posts\/1213","targetHints":{"allow":["GET"]}}],"collection":[{"href":"https:\/\/frigologistics.pl\/index.php\/wp-json\/wp\/v2\/posts"}],"about":[{"href":"https:\/\/frigologistics.pl\/index.php\/wp-json\/wp\/v2\/types\/post"}],"author":[{"embeddable":true,"href":"https:\/\/frigologistics.pl\/index.php\/wp-json\/wp\/v2\/users\/1"}],"replies":[{"embeddable":true,"href":"https:\/\/frigologistics.pl\/index.php\/wp-json\/wp\/v2\/comments?post=1213"}],"version-history":[{"count":2,"href":"https:\/\/frigologistics.pl\/index.php\/wp-json\/wp\/v2\/posts\/1213\/revisions"}],"predecessor-version":[{"id":1373,"href":"https:\/\/frigologistics.pl\/index.php\/wp-json\/wp\/v2\/posts\/1213\/revisions\/1373"}],"wp:attachment":[{"href":"https:\/\/frigologistics.pl\/index.php\/wp-json\/wp\/v2\/media?parent=1213"}],"wp:term":[{"taxonomy":"category","embeddable":true,"href":"https:\/\/frigologistics.pl\/index.php\/wp-json\/wp\/v2\/categories?post=1213"},{"taxonomy":"post_tag","embeddable":true,"href":"https:\/\/frigologistics.pl\/index.php\/wp-json\/wp\/v2\/tags?post=1213"}],"curies":[{"name":"wp","href":"https:\/\/api.w.org\/{rel}","templated":true}]}}