{"id":1139,"date":"2024-06-20T14:58:00","date_gmt":"2024-06-20T12:58:00","guid":{"rendered":"https:\/\/frigologistics.home.pl\/autoinstalator\/wordpressplugins1\/?p=1139"},"modified":"2024-09-06T15:00:15","modified_gmt":"2024-09-06T13:00:15","slug":"lodowe-rozpoczecie-wakacji","status":"publish","type":"post","link":"https:\/\/frigologistics.pl\/index.php\/2024\/06\/20\/lodowe-rozpoczecie-wakacji\/","title":{"rendered":"Lodowe rozpocz\u0119cie wakacji"},"content":{"rendered":"\n<p>Zakupili\u015bmy i przekazali\u015bmy do szk\u00f3\u0142 w \u017bninie, Radomsku i Nowym Dworze Mazowieckim 20 000 lod\u00f3w, kt\u00f3re sprawi\u0142y u\u015bmiech na twarzach najm\u0142odszych. U\u015bmiech bezcenny!<\/p>\n\n\n\n<figure class=\"wp-block-image size-large\"><img loading=\"lazy\" decoding=\"async\" width=\"768\" height=\"1024\" src=\"https:\/\/frigologistics.home.pl\/autoinstalator\/wordpressplugins1\/wp-content\/uploads\/2024\/09\/lodowe-rozpoczecie-768x1024.jpg\" alt=\"\" class=\"wp-image-1140\" srcset=\"https:\/\/frigologistics.pl\/wp-content\/uploads\/2024\/09\/lodowe-rozpoczecie-768x1024.jpg 768w, https:\/\/frigologistics.pl\/wp-content\/uploads\/2024\/09\/lodowe-rozpoczecie-225x300.jpg 225w, https:\/\/frigologistics.pl\/wp-content\/uploads\/2024\/09\/lodowe-rozpoczecie-1152x1536.jpg 1152w, https:\/\/frigologistics.pl\/wp-content\/uploads\/2024\/09\/lodowe-rozpoczecie-315x420.jpg 315w, https:\/\/frigologistics.pl\/wp-content\/uploads\/2024\/09\/lodowe-rozpoczecie-630x840.jpg 630w, https:\/\/frigologistics.pl\/wp-content\/uploads\/2024\/09\/lodowe-rozpoczecie-150x200.jpg 150w, https:\/\/frigologistics.pl\/wp-content\/uploads\/2024\/09\/lodowe-rozpoczecie-300x400.jpg 300w, https:\/\/frigologistics.pl\/wp-content\/uploads\/2024\/09\/lodowe-rozpoczecie-696x928.jpg 696w, https:\/\/frigologistics.pl\/wp-content\/uploads\/2024\/09\/lodowe-rozpoczecie-1068x1424.jpg 1068w, https:\/\/frigologistics.pl\/wp-content\/uploads\/2024\/09\/lodowe-rozpoczecie.jpg 1200w\" sizes=\"auto, (max-width: 768px) 100vw, 768px\" \/><\/figure>\n\n\n\n<p><br>Fot. z Przedszkola Niepublicznego Akademia Malucha w Rozprzy k. Radomska.<\/p>\n","protected":false},"excerpt":{"rendered":"<p>Zakupili\u015bmy i przekazali\u015bmy do szk\u00f3\u0142 w \u017bninie, Radomsku i Nowym Dworze Mazowieckim 20 000 lod\u00f3w, kt\u00f3re sprawi\u0142y u\u015bmiech na twarzach najm\u0142odszych. U\u015bmiech bezcenny! Fot. z Przedszkola Niepublicznego Akademia Malucha w Rozprzy k. Radomska.<\/p>\n","protected":false},"author":1,"featured_media":1140,"comment_status":"closed","ping_status":"closed","sticky":false,"template":"","format":"standard","meta":{"footnotes":""},"categories":[18],"tags":[],"class_list":{"0":"post-1139","1":"post","2":"type-post","3":"status-publish","4":"format-standard","5":"has-post-thumbnail","7":"category-aktualnosci"},"amp_enabled":false,"_links":{"self":[{"href":"https:\/\/frigologistics.pl\/index.php\/wp-json\/wp\/v2\/posts\/1139","targetHints":{"allow":["GET"]}}],"collection":[{"href":"https:\/\/frigologistics.pl\/index.php\/wp-json\/wp\/v2\/posts"}],"about":[{"href":"https:\/\/frigologistics.pl\/index.php\/wp-json\/wp\/v2\/types\/post"}],"author":[{"embeddable":true,"href":"https:\/\/frigologistics.pl\/index.php\/wp-json\/wp\/v2\/users\/1"}],"replies":[{"embeddable":true,"href":"https:\/\/frigologistics.pl\/index.php\/wp-json\/wp\/v2\/comments?post=1139"}],"version-history":[{"count":3,"href":"https:\/\/frigologistics.pl\/index.php\/wp-json\/wp\/v2\/posts\/1139\/revisions"}],"predecessor-version":[{"id":1143,"href":"https:\/\/frigologistics.pl\/index.php\/wp-json\/wp\/v2\/posts\/1139\/revisions\/1143"}],"wp:featuredmedia":[{"embeddable":true,"href":"https:\/\/frigologistics.pl\/index.php\/wp-json\/wp\/v2\/media\/1140"}],"wp:attachment":[{"href":"https:\/\/frigologistics.pl\/index.php\/wp-json\/wp\/v2\/media?parent=1139"}],"wp:term":[{"taxonomy":"category","embeddable":true,"href":"https:\/\/frigologistics.pl\/index.php\/wp-json\/wp\/v2\/categories?post=1139"},{"taxonomy":"post_tag","embeddable":true,"href":"https:\/\/frigologistics.pl\/index.php\/wp-json\/wp\/v2\/tags?post=1139"}],"curies":[{"name":"wp","href":"https:\/\/api.w.org\/{rel}","templated":true}]}}